[{"@context":"https:\/\/schema.org\/","@type":"Article","@id":"https:\/\/www.esenzace.cz\/stribrne-vlasy\/#Article","mainEntityOfPage":"https:\/\/www.esenzace.cz\/stribrne-vlasy\/","headline":"St\u0159\u00edbrn\u00e9 vlasy","name":"St\u0159\u00edbrn\u00e9 vlasy","description":"Ale jist\u011b, jen klid. Pokud jich m\u00e1me zat\u00edm jen n\u011bkolik, nen\u00ed to tak stra\u0161n\u00e9. Ov\u0161em za n\u011bjak\u00fd \u010das jsou hlavn\u011b na tmav\u0161\u00edch vlasech vid\u011bt \u0161ediv\u00e9 odrosty. Pak dojde na rozhodov\u00e1n\u00ed, zda dobarvovat vlasy \u010dasto (po 14 dnech), \u010di se prom\u011bnit v plavovl\u00e1sku. Ani jedno nen\u00ed nejvhodn\u011bj\u0161\u00edm zp\u016fsobem pro ka\u017ed\u00e9ho. Ale \u0159e\u0161en\u00ed nemus\u00ed b\u00fdt tak drastick\u00e9,...","datePublished":"2025-03-05","dateModified":"2023-05-02","author":{"@type":"Person","@id":"https:\/\/www.esenzace.cz\/author\/#Person","name":"","url":"https:\/\/www.esenzace.cz\/author\/","identifier":1,"image":{"@type":"ImageObject","@id":"https:\/\/secure.gravatar.com\/avatar\/5667bceccdce92893bac6a7981a373152a8b3fa0ab99c198ba0ac0b49a934248?s=96&d=mm&r=g","url":"https:\/\/secure.gravatar.com\/avatar\/5667bceccdce92893bac6a7981a373152a8b3fa0ab99c198ba0ac0b49a934248?s=96&d=mm&r=g","height":96,"width":96}},"publisher":{"@type":"Organization","name":"esenzace.cz","logo":{"@type":"ImageObject","@id":"\/logo.png","url":"\/logo.png","width":600,"height":60}},"image":{"@type":"ImageObject","@id":"https:\/\/www.esenzace.cz\/wp-content\/uploads\/img_a326987_w2206_t1539162843.jpg","url":"https:\/\/www.esenzace.cz\/wp-content\/uploads\/img_a326987_w2206_t1539162843.jpg","height":0,"width":0},"url":"https:\/\/www.esenzace.cz\/stribrne-vlasy\/","wordCount":452,"articleBody":"Ale jist\u011b, jen klid. Pokud jich m\u00e1me zat\u00edm jen n\u011bkolik, nen\u00ed to tak stra\u0161n\u00e9. Ov\u0161em za n\u011bjak\u00fd \u010das jsou hlavn\u011b na tmav\u0161\u00edch vlasech vid\u011bt \u0161ediv\u00e9 odrosty. Pak dojde na rozhodov\u00e1n\u00ed, zda dobarvovat vlasy \u010dasto (po 14 dnech), \u010di se prom\u011bnit v plavovl\u00e1sku. Ani jedno nen\u00ed nejvhodn\u011bj\u0161\u00edm zp\u016fsobem pro ka\u017ed\u00e9ho. Ale \u0159e\u0161en\u00ed nemus\u00ed b\u00fdt tak drastick\u00e9, jak to vypad\u00e1. Ne\u017e se pust\u00edme do nebezpe\u010dn\u00fdch pokus\u016f, promysl\u00edme si mo\u017enosti.\u00a0Kdy\u017e dobarvujemeProto\u017ee se n\u00e1m obvykle nechce ka\u017ed\u00fdch 14 dn\u016f platit n\u011bkolik set za slu\u017eby kade\u0159nick\u00e9ho profesion\u00e1la, vol\u00edme \u010dasto dom\u00e1c\u00ed barven\u00ed. V obchodech b\u011b\u017en\u011b dostupn\u00e9 barvy slibuj\u00ed to nejlep\u0161\u00ed, ov\u0161em faktem z\u016fst\u00e1v\u00e1, \u017ee ka\u017ed\u00fdm dal\u0161\u00edm a dal\u0161\u00edm barven\u00edm na\u0161e vlasy tmavnou a tmavnou. M\u016f\u017ee se snadno st\u00e1t, \u017ee za\u010dneme s vlasy sv\u011btle hn\u011bd\u00fdmi a po p\u00e1r dobarven\u00edch se dostaneme skoro na \u010dern\u00fd odst\u00edn. A ta ne ka\u017ed\u00e9mu sedne. \u010casto v n\u00ed vypad\u00e1me star\u0161\u00ed, m\u00e1me ost\u0159ej\u0161\u00ed rysy tv\u00e1\u0159e, vynikaj\u00ed vr\u00e1sky, co\u017e opravdu m\u00e1lokdo z n\u00e1s nad\u0161en\u011b v\u00edt\u00e1.\u00a0Kade\u0159n\u00edci doporu\u010duj\u00ed j\u00edt na to \u00fapln\u011b obr\u00e1cen\u011b. Pou\u017e\u00edvat v\u017edy o n\u011bco sv\u011btlej\u0161\u00ed odst\u00edn, ne\u017e je n\u00e1\u0161 p\u016fvodn\u00ed. P\u0159ech\u00e1zet pomalu do \u201esv\u011btlej\u0161\u00edho spektra\u201c. Vlasy je mo\u017en\u00e9 tak\u00e9 prosv\u011btlit za pomoci prou\u017ek\u016f. To je ov\u0161em lep\u0161\u00ed nechat ruk\u00e1m odborn\u00edka. Nen\u00ed to tak radik\u00e1ln\u00ed zp\u016fsob jako p\u0159ebarven\u00ed na blond. Vlasy nejsou zesv\u011btleny cel\u00e9. Je to zkr\u00e1tka mnohem citliv\u011bj\u0161\u00ed zp\u016fsob, jak barvu vyladit.\u00a0Kdy\u017e odbarvujemeP\u0159i zesv\u011btlov\u00e1n\u00ed vlas\u016f, kter\u00e9 se prov\u00e1d\u00ed hodn\u011b \u010dasto, vlasy tak\u00e9 trp\u00ed. Vysychaj\u00ed, ni\u010d\u00ed se hlavn\u011b kone\u010dky. Pokud n\u00e1m blond moc nesed\u00ed a \u0161edin nem\u00e1me zase tak mnoho, je lep\u0161\u00ed nechat si p\u016fvodn\u00ed odst\u00edn. Je to vhodn\u011bj\u0161\u00ed, ne\u017e st\u00e1le odbarvovat dorosty, kter\u00e9 se nav\u00edc \u010dasem v\u00edce a v\u00edce zv\u00fdraz\u0148uj\u00ed. Bude to p\u0159irozen\u011bj\u0161\u00ed.\u00a0Pokud m\u00e1me u\u017e n\u011bjakou tu \u0161edinu, jsme ji\u017e v\u011bt\u0161inou ve v\u011bku, kdy n\u00e1m zbyte\u010dn\u011b p\u0159id\u00e1vaj\u00ed roky vlasy dlouh\u00e9. Nen\u00ed to samoz\u0159ejm\u011b pravidlem, je to v\u011bc dost individu\u00e1ln\u00ed, ale je to \u010dast\u00e9. Odborn\u00edci z \u0159ad stylist\u016f doporu\u010duj\u00ed zkr\u00e1cen\u00ed po ramena.\u00a0Hlavn\u011b se vyvarujeme zbyte\u010dn\u00fdch experiment\u016f a slo\u017eit\u011bj\u0161\u00ed z\u00e1sahy rad\u011bji nech\u00e1me zku\u0161en\u00e9mu kade\u0159n\u00edkovi.                                                                                                                                                                                                                                                                                                                                                                                        4.1\/5 - (9 votes)        "},{"@context":"https:\/\/schema.org\/","@type":"BreadcrumbList","itemListElement":[{"@type":"ListItem","position":1,"name":"St\u0159\u00edbrn\u00e9 vlasy","item":"https:\/\/www.esenzace.cz\/stribrne-vlasy\/#breadcrumbitem"}]}]