[{"@context":"https:\/\/schema.org\/","@type":"Blog","@id":"https:\/\/www.esenzace.cz#Blog","headline":"E Senzace","description":"\nKa\u017ed\u00fd web ve\u0159ejnosti n\u011bco poskytuje. Ov\u0161em nen\u00ed rozhodn\u011b v\u017edy o co st\u00e1t. Jen\u017ee v\u00a0p\u0159\u00edpad\u011b toho, co nab\u00edz\u00edme na na\u0161em webu, v\u011bru o co st\u00e1t je.","url":"https:\/\/www.esenzace.cz","hasPart":[{"@type":"Article","@id":"https:\/\/www.esenzace.cz\/koukneme-se-dverim-na-zoubek\/","headline":"Koukn\u011bme se dve\u0159\u00edm na zoubek","url":"https:\/\/www.esenzace.cz\/koukneme-se-dverim-na-zoubek\/","datePublished":"2024-11-22","dateModified":"2024-11-22","mainEntityOfPage":"https:\/\/www.esenzace.cz\/koukneme-se-dverim-na-zoubek\/","author":{"@type":"Person","@id":"https:\/\/www.esenzace.cz\/author\/#Person","name":"","url":"https:\/\/www.esenzace.cz\/author\/","identifier":1,"image":{"@type":"ImageObject","@id":"https:\/\/secure.gravatar.com\/avatar\/5667bceccdce92893bac6a7981a373152a8b3fa0ab99c198ba0ac0b49a934248?s=96&d=mm&r=g","url":"https:\/\/secure.gravatar.com\/avatar\/5667bceccdce92893bac6a7981a373152a8b3fa0ab99c198ba0ac0b49a934248?s=96&d=mm&r=g","height":96,"width":96}},"publisher":{"@type":"Organization","name":"esenzace.cz","logo":{"@type":"ImageObject","@id":"\/logo.png","url":"\/logo.png","width":600,"height":60}},"image":null,"wordCount":209,"keywords":null},{"@type":"Article","@id":"https:\/\/www.esenzace.cz\/sperky-ktere-se-libi-kazdemu\/","headline":"\u0160perky, kter\u00e9 se l\u00edb\u00ed ka\u017ed\u00e9mu","url":"https:\/\/www.esenzace.cz\/sperky-ktere-se-libi-kazdemu\/","datePublished":"2024-11-16","dateModified":"2024-11-16","mainEntityOfPage":"https:\/\/www.esenzace.cz\/sperky-ktere-se-libi-kazdemu\/","author":{"@type":"Person","@id":"https:\/\/www.esenzace.cz\/author\/#Person","name":"","url":"https:\/\/www.esenzace.cz\/author\/","identifier":1,"image":{"@type":"ImageObject","@id":"https:\/\/secure.gravatar.com\/avatar\/5667bceccdce92893bac6a7981a373152a8b3fa0ab99c198ba0ac0b49a934248?s=96&d=mm&r=g","url":"https:\/\/secure.gravatar.com\/avatar\/5667bceccdce92893bac6a7981a373152a8b3fa0ab99c198ba0ac0b49a934248?s=96&d=mm&r=g","height":96,"width":96}},"publisher":{"@type":"Organization","name":"esenzace.cz","logo":{"@type":"ImageObject","@id":"\/logo.png","url":"\/logo.png","width":600,"height":60}},"image":null,"wordCount":246,"keywords":null},{"@type":"Article","@id":"https:\/\/www.esenzace.cz\/vestavene-skrine-praha\/","headline":"Vestav\u011bn\u00e9 sk\u0159\u00edn\u011b Praha","url":"https:\/\/www.esenzace.cz\/vestavene-skrine-praha\/","datePublished":"2024-11-09","dateModified":"2024-11-09","mainEntityOfPage":"https:\/\/www.esenzace.cz\/vestavene-skrine-praha\/","author":{"@type":"Person","@id":"https:\/\/www.esenzace.cz\/author\/#Person","name":"","url":"https:\/\/www.esenzace.cz\/author\/","identifier":1,"image":{"@type":"ImageObject","@id":"https:\/\/secure.gravatar.com\/avatar\/5667bceccdce92893bac6a7981a373152a8b3fa0ab99c198ba0ac0b49a934248?s=96&d=mm&r=g","url":"https:\/\/secure.gravatar.com\/avatar\/5667bceccdce92893bac6a7981a373152a8b3fa0ab99c198ba0ac0b49a934248?s=96&d=mm&r=g","height":96,"width":96}},"publisher":{"@type":"Organization","name":"esenzace.cz","logo":{"@type":"ImageObject","@id":"\/logo.png","url":"\/logo.png","width":600,"height":60}},"image":null,"wordCount":187,"keywords":null},{"@type":"Article","@id":"https:\/\/www.esenzace.cz\/nevite-jak-na-to-prisel\/","headline":"Nev\u00edte, jak na to p\u0159i\u0161el","url":"https:\/\/www.esenzace.cz\/nevite-jak-na-to-prisel\/","datePublished":"2024-11-02","dateModified":"2024-11-02","mainEntityOfPage":"https:\/\/www.esenzace.cz\/nevite-jak-na-to-prisel\/","author":{"@type":"Person","@id":"https:\/\/www.esenzace.cz\/author\/#Person","name":"","url":"https:\/\/www.esenzace.cz\/author\/","identifier":1,"image":{"@type":"ImageObject","@id":"https:\/\/secure.gravatar.com\/avatar\/5667bceccdce92893bac6a7981a373152a8b3fa0ab99c198ba0ac0b49a934248?s=96&d=mm&r=g","url":"https:\/\/secure.gravatar.com\/avatar\/5667bceccdce92893bac6a7981a373152a8b3fa0ab99c198ba0ac0b49a934248?s=96&d=mm&r=g","height":96,"width":96}},"publisher":{"@type":"Organization","name":"esenzace.cz","logo":{"@type":"ImageObject","@id":"\/logo.png","url":"\/logo.png","width":600,"height":60}},"image":null,"wordCount":282,"keywords":null},{"@type":"Article","@id":"https:\/\/www.esenzace.cz\/tapeta-na-zed-muze-byt-ustrednim-motivem-celeho-stylu-bydleni\/","headline":"Tapeta na ze\u010f m\u016f\u017ee b\u00fdt \u00fast\u0159edn\u00edm motivem cel\u00e9ho stylu bydlen\u00ed","url":"https:\/\/www.esenzace.cz\/tapeta-na-zed-muze-byt-ustrednim-motivem-celeho-stylu-bydleni\/","datePublished":"2024-10-28","dateModified":"2024-10-28","mainEntityOfPage":"https:\/\/www.esenzace.cz\/tapeta-na-zed-muze-byt-ustrednim-motivem-celeho-stylu-bydleni\/","author":{"@type":"Person","@id":"https:\/\/www.esenzace.cz\/author\/#Person","name":"","url":"https:\/\/www.esenzace.cz\/author\/","identifier":1,"image":{"@type":"ImageObject","@id":"https:\/\/secure.gravatar.com\/avatar\/5667bceccdce92893bac6a7981a373152a8b3fa0ab99c198ba0ac0b49a934248?s=96&d=mm&r=g","url":"https:\/\/secure.gravatar.com\/avatar\/5667bceccdce92893bac6a7981a373152a8b3fa0ab99c198ba0ac0b49a934248?s=96&d=mm&r=g","height":96,"width":96}},"publisher":{"@type":"Organization","name":"esenzace.cz","logo":{"@type":"ImageObject","@id":"\/logo.png","url":"\/logo.png","width":600,"height":60}},"image":null,"wordCount":370,"keywords":null},{"@type":"Article","@id":"https:\/\/www.esenzace.cz\/uzivejte-si-pisnicky-na-plno\/","headline":"U\u017e\u00edvejte si p\u00edsni\u010dky na plno","url":"https:\/\/www.esenzace.cz\/uzivejte-si-pisnicky-na-plno\/","datePublished":"2024-10-18","dateModified":"2024-10-18","mainEntityOfPage":"https:\/\/www.esenzace.cz\/uzivejte-si-pisnicky-na-plno\/","author":{"@type":"Person","@id":"https:\/\/www.esenzace.cz\/author\/#Person","name":"","url":"https:\/\/www.esenzace.cz\/author\/","identifier":1,"image":{"@type":"ImageObject","@id":"https:\/\/secure.gravatar.com\/avatar\/5667bceccdce92893bac6a7981a373152a8b3fa0ab99c198ba0ac0b49a934248?s=96&d=mm&r=g","url":"https:\/\/secure.gravatar.com\/avatar\/5667bceccdce92893bac6a7981a373152a8b3fa0ab99c198ba0ac0b49a934248?s=96&d=mm&r=g","height":96,"width":96}},"publisher":{"@type":"Organization","name":"esenzace.cz","logo":{"@type":"ImageObject","@id":"\/logo.png","url":"\/logo.png","width":600,"height":60}},"image":null,"wordCount":292,"keywords":null},{"@type":"Article","@id":"https:\/\/www.esenzace.cz\/vse-co-potrebujete-vedet-o-cbd-cbd-kapkach-a-cbd-oleji\/","headline":"V\u0161e, co pot\u0159ebujete v\u011bd\u011bt o CBD, CBD kapk\u00e1ch a CBD oleji","url":"https:\/\/www.esenzace.cz\/vse-co-potrebujete-vedet-o-cbd-cbd-kapkach-a-cbd-oleji\/","datePublished":"2024-10-11","dateModified":"2024-10-11","mainEntityOfPage":"https:\/\/www.esenzace.cz\/vse-co-potrebujete-vedet-o-cbd-cbd-kapkach-a-cbd-oleji\/","author":{"@type":"Person","@id":"https:\/\/www.esenzace.cz\/author\/#Person","name":"","url":"https:\/\/www.esenzace.cz\/author\/","identifier":1,"image":{"@type":"ImageObject","@id":"https:\/\/secure.gravatar.com\/avatar\/5667bceccdce92893bac6a7981a373152a8b3fa0ab99c198ba0ac0b49a934248?s=96&d=mm&r=g","url":"https:\/\/secure.gravatar.com\/avatar\/5667bceccdce92893bac6a7981a373152a8b3fa0ab99c198ba0ac0b49a934248?s=96&d=mm&r=g","height":96,"width":96}},"publisher":{"@type":"Organization","name":"esenzace.cz","logo":{"@type":"ImageObject","@id":"\/logo.png","url":"\/logo.png","width":600,"height":60}},"image":null,"wordCount":796,"keywords":null},{"@type":"Article","@id":"https:\/\/www.esenzace.cz\/vyberte-spravny-tvar-vaseho-bazenu\/","headline":"Vyberte spr\u00e1vn\u00fd tvar va\u0161eho baz\u00e9nu","url":"https:\/\/www.esenzace.cz\/vyberte-spravny-tvar-vaseho-bazenu\/","datePublished":"2024-09-22","dateModified":"2024-09-22","mainEntityOfPage":"https:\/\/www.esenzace.cz\/vyberte-spravny-tvar-vaseho-bazenu\/","author":{"@type":"Person","@id":"https:\/\/www.esenzace.cz\/author\/#Person","name":"","url":"https:\/\/www.esenzace.cz\/author\/","identifier":1,"image":{"@type":"ImageObject","@id":"https:\/\/secure.gravatar.com\/avatar\/5667bceccdce92893bac6a7981a373152a8b3fa0ab99c198ba0ac0b49a934248?s=96&d=mm&r=g","url":"https:\/\/secure.gravatar.com\/avatar\/5667bceccdce92893bac6a7981a373152a8b3fa0ab99c198ba0ac0b49a934248?s=96&d=mm&r=g","height":96,"width":96}},"publisher":{"@type":"Organization","name":"esenzace.cz","logo":{"@type":"ImageObject","@id":"\/logo.png","url":"\/logo.png","width":600,"height":60}},"image":{"@type":"ImageObject","@id":"https:\/\/www.esenzace.cz\/wp-content\/uploads\/artem-militonian-UYW6FZLlnL8-unsplash.jpg","url":"https:\/\/www.esenzace.cz\/wp-content\/uploads\/artem-militonian-UYW6FZLlnL8-unsplash.jpg","height":0,"width":0},"wordCount":611,"keywords":null},{"@type":"Article","@id":"https:\/\/www.esenzace.cz\/ochranna-tvrzena-skla-a-folie-na-apple-iphone-16-pro-max-maximalni-ochrana-pro-vas-premiovy-telefon\/","headline":"Ochrann\u00e1 tvrzen\u00e1 skla a f\u00f3lie na Apple iPhone 16 Pro Max: Maxim\u00e1ln\u00ed ochrana pro v\u00e1\u0161 pr\u00e9miov\u00fd telefon","url":"https:\/\/www.esenzace.cz\/ochranna-tvrzena-skla-a-folie-na-apple-iphone-16-pro-max-maximalni-ochrana-pro-vas-premiovy-telefon\/","datePublished":"2024-09-16","dateModified":"2024-09-16","mainEntityOfPage":"https:\/\/www.esenzace.cz\/ochranna-tvrzena-skla-a-folie-na-apple-iphone-16-pro-max-maximalni-ochrana-pro-vas-premiovy-telefon\/","author":{"@type":"Person","@id":"https:\/\/www.esenzace.cz\/author\/#Person","name":"","url":"https:\/\/www.esenzace.cz\/author\/","identifier":1,"image":{"@type":"ImageObject","@id":"https:\/\/secure.gravatar.com\/avatar\/5667bceccdce92893bac6a7981a373152a8b3fa0ab99c198ba0ac0b49a934248?s=96&d=mm&r=g","url":"https:\/\/secure.gravatar.com\/avatar\/5667bceccdce92893bac6a7981a373152a8b3fa0ab99c198ba0ac0b49a934248?s=96&d=mm&r=g","height":96,"width":96}},"publisher":{"@type":"Organization","name":"esenzace.cz","logo":{"@type":"ImageObject","@id":"\/logo.png","url":"\/logo.png","width":600,"height":60}},"image":{"@type":"ImageObject","@id":"https:\/\/www.esenzace.cz\/wp-content\/uploads\/16promax_fE4bVz.webp","url":"https:\/\/www.esenzace.cz\/wp-content\/uploads\/16promax_fE4bVz.webp","height":0,"width":0},"wordCount":1074,"keywords":null},{"@type":"Article","@id":"https:\/\/www.esenzace.cz\/motorkari-a-leto\/","headline":"Motork\u00e1\u0159i a l\u00e9to","url":"https:\/\/www.esenzace.cz\/motorkari-a-leto\/","datePublished":"2024-07-22","dateModified":"2024-07-22","mainEntityOfPage":"https:\/\/www.esenzace.cz\/motorkari-a-leto\/","author":{"@type":"Person","@id":"https:\/\/www.esenzace.cz\/author\/#Person","name":"","url":"https:\/\/www.esenzace.cz\/author\/","identifier":1,"image":{"@type":"ImageObject","@id":"https:\/\/secure.gravatar.com\/avatar\/5667bceccdce92893bac6a7981a373152a8b3fa0ab99c198ba0ac0b49a934248?s=96&d=mm&r=g","url":"https:\/\/secure.gravatar.com\/avatar\/5667bceccdce92893bac6a7981a373152a8b3fa0ab99c198ba0ac0b49a934248?s=96&d=mm&r=g","height":96,"width":96}},"publisher":{"@type":"Organization","name":"esenzace.cz","logo":{"@type":"ImageObject","@id":"\/logo.png","url":"\/logo.png","width":600,"height":60}},"image":{"@type":"ImageObject","@id":"https:\/\/www.esenzace.cz\/wp-content\/uploads\/motorcycle-5125618_640.jpg","url":"https:\/\/www.esenzace.cz\/wp-content\/uploads\/motorcycle-5125618_640.jpg","height":0,"width":0},"wordCount":503,"keywords":null}]},{"@context":"https:\/\/schema.org","@type":"WebSite","@id":"https:\/\/www.esenzace.cz\/#website","name":"E Senzace","url":"https:\/\/www.esenzace.cz","potentialAction":{"@type":"SearchAction","target":"https:\/\/www.esenzace.cz\/?s={search_term_string}","query-input":"required name=search_term_string"}}]