[{"@context":"https:\/\/schema.org\/","@type":"Article","@id":"https:\/\/www.esenzace.cz\/kdyz-toho-maji-deti-hodne-do-skoly\/#Article","mainEntityOfPage":"https:\/\/www.esenzace.cz\/kdyz-toho-maji-deti-hodne-do-skoly\/","headline":"Kdy\u017e toho maj\u00ed d\u011bti hodn\u011b do \u0161koly&#8230;","name":"Kdy\u017e toho maj\u00ed d\u011bti hodn\u011b do \u0161koly&#8230;","description":"Pokud toho maj\u00ed va\u0161e d\u011bti hodn\u011b do \u0161koly, m\u011bli byste je nechat, a\u0165 spln\u00ed v\u0161echny povinnosti, kter\u00e9 jsou pot\u0159eba, aby se nestalo, \u017ee by dostaly pozn\u00e1mku. Bohu\u017eel dnes je to tak, \u017ee i kdy\u017e si d\u00edt\u011b zapomene u\u010debnici, ihned m\u016f\u017ee dostat pozn\u00e1mku. Bylo by dobr\u00e9 zamyslet se nad t\u00edm, jestli je to skute\u010dn\u011b nutn\u00e9. Ve...","datePublished":"2023-04-18","dateModified":"2023-04-18","author":{"@type":"Person","@id":"https:\/\/www.esenzace.cz\/author\/#Person","name":"","url":"https:\/\/www.esenzace.cz\/author\/","identifier":1,"image":{"@type":"ImageObject","@id":"https:\/\/secure.gravatar.com\/avatar\/5667bceccdce92893bac6a7981a373152a8b3fa0ab99c198ba0ac0b49a934248?s=96&d=mm&r=g","url":"https:\/\/secure.gravatar.com\/avatar\/5667bceccdce92893bac6a7981a373152a8b3fa0ab99c198ba0ac0b49a934248?s=96&d=mm&r=g","height":96,"width":96}},"publisher":{"@type":"Organization","name":"esenzace.cz","logo":{"@type":"ImageObject","@id":"\/logo.png","url":"\/logo.png","width":600,"height":60}},"image":{"@type":"ImageObject","@id":"https:\/\/www.esenzace.cz\/wp-content\/uploads\/kids-1093758_1280_1.jpg","url":"https:\/\/www.esenzace.cz\/wp-content\/uploads\/kids-1093758_1280_1.jpg","height":0,"width":0},"url":"https:\/\/www.esenzace.cz\/kdyz-toho-maji-deti-hodne-do-skoly\/","about":["D\u011bti"],"wordCount":451,"articleBody":"Pokud toho maj\u00ed va\u0161e d\u011bti hodn\u011b do \u0161koly, m\u011bli byste je nechat, a\u0165 spln\u00ed v\u0161echny povinnosti, kter\u00e9 jsou pot\u0159eba, aby se nestalo, \u017ee by dostaly pozn\u00e1mku.Bohu\u017eel dnes je to tak, \u017ee i kdy\u017e si d\u00edt\u011b zapomene u\u010debnici, ihned m\u016f\u017ee dostat pozn\u00e1mku. Bylo by dobr\u00e9 zamyslet se nad t\u00edm, jestli je to skute\u010dn\u011b nutn\u00e9. Ve v\u00fdsledku bude d\u00edt\u011b tak akor\u00e1t smutn\u00e9. Je pochopiteln\u00e9, \u017ee se m\u016f\u017ee st\u00e1t, \u017ee d\u00edt\u011b n\u011bco zapomene doma. N\u011bco takov\u00e9ho se minim\u00e1ln\u011b jednou stalo ji\u017e ka\u017ed\u00e9mu z n\u00e1s.Kdy\u017e toho m\u00e1 d\u00edt\u011b hodn\u011b do \u0161koly, m\u011bli byste jej opravdu nechat, a\u0165 v\u0161e, co m\u00e1 zad\u00e1no, spln\u00ed.Existuj\u00ed rodi\u010de, kte\u0159\u00ed maj\u00ed tendenci neust\u00e1le n\u011bkde jezdit a pr\u00e1v\u011b d\u00edky tomu se m\u016f\u017ee st\u00e1t, \u017ee jejich d\u00edt\u011b nebude ve \u0161kole tak dobr\u00e9, jak by b\u00fdt mohlo. Bude dost\u00e1vat p\u011btky a pozn\u00e1mky za to, \u017ee n\u011bco nebude spln\u011bno nebo \u017ee n\u011bco nebude um\u011bt. Takov\u00fd p\u0159\u00edstup opravdu nen\u00ed ide\u00e1ln\u00ed, jeliko\u017e to rozhodn\u011b bude m\u00edt vliv na psychiku dan\u00e9ho d\u00edt\u011bte.Mnoho rodi\u010d\u016f si neuv\u011bdomuje to, \u017ee kdy\u017e se d\u00edt\u011b nebude dostate\u010dn\u011b v\u011bnovat dan\u00e9 l\u00e1tce, m\u016f\u017ee mu to v budoucnu chyb\u011bt.Lid\u00e9 jsou p\u0159esv\u011bd\u010deni o tom, \u017ee to, co se nau\u010dili ve \u0161kole, v \u017eivot\u011b nikdy nepou\u017eili. Jestli je n\u011bco velice d\u016fle\u017eit\u00e9, tak je to z\u00e1kladn\u00ed \u0161kola, proto\u017ee pr\u00e1v\u011b tady v\u00e1s v\u0161emu nau\u010d\u00ed. Pr\u00e1v\u011b proto je pot\u0159eba, aby se d\u00edt\u011b v\u0161emu, co se ve \u0161kole u\u010d\u00ed, dostate\u010dn\u011b dlouho v\u011bnovalo a sna\u017eilo se prob\u00edranou l\u00e1tku pochopit.Nen\u00ed to o tom, \u017ee dan\u00e9 d\u00edt\u011b mus\u00ed l\u00e1tku pochopit na jedni\u010dky, ale jde o to, aby j\u00ed pochopilo a rozum\u011blo j\u00ed, i kdy\u017e to nebude na jedni\u010dky.V dne\u0161n\u00ed dob\u011b se ve \u0161kol\u00e1ch setk\u00e1v\u00e1me s t\u00edm, \u017ee u\u010ditel\u00e9 mnoho v\u011bc\u00ed vysv\u011btluj\u00ed na nejjednodu\u0161\u0161\u00edch p\u0159\u00edkladech, ale na test d\u00e1vaj\u00ed n\u011bco, co je kolikr\u00e1t tak slo\u017eit\u00e9, \u017ee d\u00edt\u011b rozhodn\u011b nem\u00e1 \u0161anci, aby z\u00edskalo dobrou zn\u00e1mku.Nechejte va\u0161e d\u00edt\u011b, a\u0165 se v\u011bnuje dostate\u010dn\u011b dlouho v\u011bcem do \u0161koly. Je to pro n\u011bj a jeho budoucnost d\u016fle\u017eit\u00e9.Pro jednou m\u016f\u017eete n\u011bjak\u00fd ten v\u00fdlet vynechat. V\u011b\u0159te, \u017ee pro budoucnost va\u0161eho d\u00edt\u011bte to bude to nejlep\u0161\u00ed rozhodnut\u00ed.                                                                                                                                                                                                                                                                                                                                                                                                "},{"@context":"https:\/\/schema.org\/","@type":"BreadcrumbList","itemListElement":[{"@type":"ListItem","position":1,"name":"Kdy\u017e toho maj\u00ed d\u011bti hodn\u011b do \u0161koly&#8230;","item":"https:\/\/www.esenzace.cz\/kdyz-toho-maji-deti-hodne-do-skoly\/#breadcrumbitem"}]}]