[{"@context":"https:\/\/schema.org\/","@type":"Article","@id":"https:\/\/www.esenzace.cz\/deti-a-vychova\/#Article","mainEntityOfPage":"https:\/\/www.esenzace.cz\/deti-a-vychova\/","headline":"D\u011bti a v\u00fdchova","name":"D\u011bti a v\u00fdchova","description":"V dne\u0161n\u00ed dob\u011b d\u011bti jsou tak tro\u0161ku zlobiv\u00e9. Nev\u00edm, \u010d\u00edm to je, ale mo\u017en\u00e1 je to t\u00edm, \u017ee d\u011bti maj\u00ed takovou v\u00edce volnou v\u00fdchovu. Nev\u00edm\u00a0pro\u010d. To j\u00e1 m\u00e1m syna a v\u016fbec takhle volnou v\u00fdchovu nem\u00e1. J\u00e1 chci, aby tak\u00e9 byl syn vychovan\u00fd, jenom\u017ee t\u0159eba kdy\u017e m\u00e1m sousedy a vid\u00edm, jak ty sv\u00e9 d\u011bti v\u016fbec nevychov\u00e1vaj\u00ed...","datePublished":"2024-03-31","dateModified":"2024-03-31","author":{"@type":"Person","@id":"https:\/\/www.esenzace.cz\/author\/#Person","name":"","url":"https:\/\/www.esenzace.cz\/author\/","identifier":1,"image":{"@type":"ImageObject","@id":"https:\/\/secure.gravatar.com\/avatar\/5667bceccdce92893bac6a7981a373152a8b3fa0ab99c198ba0ac0b49a934248?s=96&d=mm&r=g","url":"https:\/\/secure.gravatar.com\/avatar\/5667bceccdce92893bac6a7981a373152a8b3fa0ab99c198ba0ac0b49a934248?s=96&d=mm&r=g","height":96,"width":96}},"publisher":{"@type":"Organization","name":"esenzace.cz","logo":{"@type":"ImageObject","@id":"\/logo.png","url":"\/logo.png","width":600,"height":60}},"image":{"@type":"ImageObject","@id":"https:\/\/www.esenzace.cz\/wp-content\/uploads\/children-5411350_1280_1.jpg","url":"https:\/\/www.esenzace.cz\/wp-content\/uploads\/children-5411350_1280_1.jpg","height":0,"width":0},"url":"https:\/\/www.esenzace.cz\/deti-a-vychova\/","about":["D\u011bti"],"wordCount":462,"articleBody":"V dne\u0161n\u00ed dob\u011b d\u011bti jsou tak tro\u0161ku zlobiv\u00e9. Nev\u00edm, \u010d\u00edm to je, ale mo\u017en\u00e1 je to t\u00edm, \u017ee d\u011bti maj\u00ed takovou v\u00edce volnou v\u00fdchovu. Nev\u00edm\u00a0pro\u010d. To j\u00e1 m\u00e1m syna a v\u016fbec takhle volnou v\u00fdchovu nem\u00e1. J\u00e1 chci, aby tak\u00e9 byl syn vychovan\u00fd, jenom\u017ee t\u0159eba kdy\u017e m\u00e1m sousedy a vid\u00edm, jak ty sv\u00e9 d\u011bti v\u016fbec nevychov\u00e1vaj\u00ed anebo vychov\u00e1vaj\u00ed sp\u00ed\u0161e, tak jemn\u011b, tak si \u0159\u00edk\u00e1m, \u017ee to z t\u011bch d\u011bt\u00ed opravdu jednou\u00a0vyroste. Tyto d\u011bti si chod\u00ed dom\u016f, kdy cht\u011bj\u00ed. T\u0159eba sedmilet\u00e9 d\u00edt\u011b p\u0159ijde klidn\u011b i o\u00a0p\u016fl des\u00e1t\u00e9\u00a0dom\u016f ve\u010der. To je podle m\u00e9ho n\u00e1zoru opravdu hrozn\u00e9. A to je\u0161t\u011b to d\u00edt\u011b si st\u011b\u017euje, \u017ee je\u0161t\u011b nechce j\u00edt dom\u016f, \u017ee chci b\u00fdt venku a \u017ee si chce hr\u00e1t v\u016fbec nech\u00e1pu, co tohle znamen\u00e1.Potom je\u0161t\u011b maj\u00ed jeden\u00e1ctilet\u00e9ho. A ten si chod\u00ed dom\u016f t\u00e9m\u011b\u0159 \u00fapln\u011b jak u\u017e chce, sice na\u0161t\u011bst\u00ed do \u0161koly chod\u00ed norm\u00e1ln\u011b, ale p\u0159ijde mi, \u017ee tahle v\u00fdchova, kdy d\u011bti chod\u00ed pozd\u011b dom\u016f, tak je podle m\u00e9ho n\u00e1zoru opravdu hrozn\u00e1. To j\u00e1 bych tohle sv\u00fdm d\u011btem opravdu nikdy nedovolila. M\u016fj syn u\u017e mus\u00ed b\u00fdt o p\u016fl dev\u00e1t\u00e9\u00a0v posteli. A\u00a0kdy\u017e nechce b\u00fdt v posteli a nechce sp\u00e1t, tak alespo\u0148 mus\u00ed b\u00fdt v pokoj\u00ed\u010dku. J\u00e1 mu tam zhasnu a on stejn\u011b b\u011bhem p\u00e1r minut vleze do postele a potom sp\u00ed. A jak to m\u00e1te vy s d\u011btmi a s\u00a0v\u00fdchovou, tak\u00e9\u00a0m\u00e1te takovou volnou v\u00fdchovu anebo tro\u0161ku p\u0159\u00edsn\u011bj\u0161\u00ed anebo p\u0159\u00edmo opravdu hodn\u011b p\u0159\u00edsnou? Abych se p\u0159iznala, tak zase extra p\u0159\u00edsn\u00e1 v\u00fdchova se mi tak\u00e9 nel\u00edb\u00ed, proto\u017ee d\u011bti pot\u0159ebuj\u00ed tak\u00e9 n\u011bjakou volnost, ale ne \u00fapln\u011b liber\u00e1ln\u00ed v\u00fdchovu. V\u017edycky je to tak p\u016fl na p\u016fl. Jenom\u017ee mnoho lid\u00ed si tohle neuv\u011bdomuje, a to hlavn\u011b lid\u00e9, kte\u0159\u00ed jsou opravdu hodn\u011b pracovn\u011b vyt\u00ed\u017een\u00ed. J\u00e1 v\u00edm, \u017ee za to t\u0159eba lid\u00e9 nemohou, \u017ee mus\u00ed chodit velice \u010dasto a na dlouho do pr\u00e1ce, ale, kdy\u017e maj\u00ed mal\u00e9 d\u011bti, tak jim tak\u00e9 maj\u00ed sehnat n\u011bjak\u00e9 hl\u00edd\u00e1n\u00ed, t\u0159eba n\u011bjak\u00e9 babi\u010dky anebo ch\u016fvu, proto\u017ee mal\u00e9 d\u011bti by nem\u011bly b\u00fdt opravdu hodn\u011b dlouho doma. N\u011bkte\u0159\u00ed rodi\u010de nemaj\u00ed ani \u010das ud\u011blat s d\u011btmi \u00fakoly, a to je potom podle m\u00e9ho n\u00e1zoru opravdu velik\u00fd probl\u00e9m.\u00a0                                                                                                                                                                                                                                                                                                                                                                                        3.6\/5 - (5 votes)        "},{"@context":"https:\/\/schema.org\/","@type":"BreadcrumbList","itemListElement":[{"@type":"ListItem","position":1,"name":"D\u011bti a v\u00fdchova","item":"https:\/\/www.esenzace.cz\/deti-a-vychova\/#breadcrumbitem"}]}]