[{"@context":"https:\/\/schema.org\/","@type":"Article","@id":"https:\/\/www.esenzace.cz\/co-nosit-v-ruznych-rocnich-obdobich\/#Article","mainEntityOfPage":"https:\/\/www.esenzace.cz\/co-nosit-v-ruznych-rocnich-obdobich\/","headline":"Co nosit v r\u016fzn\u00fdch ro\u010dn\u00edch obdob\u00edch","name":"Co nosit v r\u016fzn\u00fdch ro\u010dn\u00edch obdob\u00edch","description":"PPokud jste taky jedn\u00edm z t\u011bch typ\u016f lid\u00ed, co jsou opravdu zimom\u0159iv\u00ed (jako t\u0159eba j\u00e1), nebo jen prost\u011b \u0159e\u0161\u00edte, jak\u00e9 oble\u010den\u00ed koupit na podzim\/zimu a \u00fapln\u011b se v tom nevyzn\u00e1te a nev\u00edte, kde vybrat a na jak\u00e9 str\u00e1nce dob\u0159e vybrat, m\u00e1m pro v\u00e1s tipy, kter\u00e9 by v\u00e1s mohly inspirovat \u2013 t\u0159eba \u0161ed\u00fd svetr https:\/\/www.mlada-moda.cz\/damska-moda\/svetry\/filter\/color\/seda,svetla-seda. Kde...","datePublished":"2021-08-24","dateModified":"2023-05-02","author":{"@type":"Person","@id":"https:\/\/www.esenzace.cz\/author\/#Person","name":"","url":"https:\/\/www.esenzace.cz\/author\/","identifier":1,"image":{"@type":"ImageObject","@id":"https:\/\/secure.gravatar.com\/avatar\/5667bceccdce92893bac6a7981a373152a8b3fa0ab99c198ba0ac0b49a934248?s=96&d=mm&r=g","url":"https:\/\/secure.gravatar.com\/avatar\/5667bceccdce92893bac6a7981a373152a8b3fa0ab99c198ba0ac0b49a934248?s=96&d=mm&r=g","height":96,"width":96}},"publisher":{"@type":"Organization","name":"esenzace.cz","logo":{"@type":"ImageObject","@id":"\/logo.png","url":"\/logo.png","width":600,"height":60}},"image":{"@type":"ImageObject","@id":"https:\/\/www.esenzace.cz\/wp-content\/uploads\/dar_1.jpg","url":"https:\/\/www.esenzace.cz\/wp-content\/uploads\/dar_1.jpg","height":0,"width":0},"url":"https:\/\/www.esenzace.cz\/co-nosit-v-ruznych-rocnich-obdobich\/","about":["Nakupov\u00e1n\u00ed"],"wordCount":422,"articleBody":"   PPokud jste taky jedn\u00edm z t\u011bch typ\u016f lid\u00ed, co jsou opravdu zimom\u0159iv\u00ed (jako t\u0159eba j\u00e1), nebo jen prost\u011b \u0159e\u0161\u00edte, jak\u00e9 oble\u010den\u00ed koupit na podzim\/zimu a \u00fapln\u011b se v tom nevyzn\u00e1te a nev\u00edte, kde vybrat a na jak\u00e9 str\u00e1nce dob\u0159e vybrat, m\u00e1m pro v\u00e1s tipy, kter\u00e9 by v\u00e1s mohly inspirovat \u2013 t\u0159eba \u0161ed\u00fd svetr https:\/\/www.mlada-moda.cz\/damska-moda\/svetry\/filter\/color\/seda,svetla-seda.Kde ho koupit, a p\u0159itom m\u00edt jistotu, \u017ee budete m\u00edt kvalitn\u00ed (tedy v na\u0161em p\u0159\u00edpad\u011b) \u0161ed\u00fd svetr, kter\u00fd v\u00e1m vydr\u017e\u00ed n\u011bkolik des\u00edtek let? M\u00e1m zde doporu\u010den\u00ed na r\u016fzn\u00e9 druhy obdob\u00ed (jaro, l\u00e9to, podzim, zima), tak pevn\u011b douf\u00e1m, \u017ee se budete ode m\u011b inspirovat.JaroNa jaro bych z t\u00e9to str\u00e1nky doporu\u010dila t\u0159\u00edbarevn\u00fd kardig\u00e1nov\u00fd svetr model 2019-12 \u0161ed\u00fd + jasn\u00fd r\u016f\u017eov\u00fd \u2013 tento svetr je tedy opravdu elegantn\u00ed a d\u00e1 se nosit v ka\u017ed\u00e9m ro\u010dn\u00edm obdob\u00ed, p\u0159esto bych ho doporu\u010dovala sp\u00ed\u0161e na obdob\u00ed jara, proto\u017ee kdybyste ho nosili v zim\u011b (nap\u0159\u00edklad si dali tri\u010dko a na to jen tento kardigan), trouf\u00e1m si \u0159\u00edct, \u017ee by v\u00e1m byla asi zima. Tak\u017ee doporu\u010duji tedy nosit sp\u00ed\u0161e na ja\u0159e, ale volba je na ka\u017ed\u00e9m z v\u00e1s.Na l\u00e9to bych doporu\u010dovala z t\u00e9to str\u00e1nky asi produkt s n\u00e1zvem Tenk\u00fd rol\u00e1k v\u00fd\u0159ezem v dekoltu a perlami na ramenou \u0161ed\u00fd \u2013 tento rol\u00e1k se sice d\u00e1 nosit v l\u00e9t\u011b, ale asi jen za p\u0159edpokladu sychrav\u011bj\u0161\u00edho po\u010das\u00ed (v l\u00e9t\u011b sv\u00edt\u00ed jinak p\u0159ev\u00e1\u017en\u011b slun\u00ed\u010dko, tak\u017ee by v\u00e1m bylo teplo).Na podzim bych doporu\u010dovala z t\u00e9to str\u00e1nky v\u00edce produkt\u016f:Jako prvn\u00ed je zde dvoubarevn\u00fd svetr s v\u00e9\u010dkov\u00fdm vzorem model 2021-51 bu\u010f v ho\u0159\u010dicov\u011b \u0161ed\u00e9 barv\u011b anebo v \u0161ed\u00e9 + pudrov\u011b r\u016f\u017eov\u00e9. Ob\u011b varianty jsou kr\u00e1sn\u00e9, vybrala bych si ale za sebe asi sp\u00ed\u0161e tu prvn\u00ed.Dal\u0161\u00ed tip je zde produkt s n\u00e1zvem \u0161aty\/svetr bez ruk\u00e1v\u016f a s l\u00edmcem model 40020 \u0161ed\u00fd \u2013 tento model se d\u00e1 nosit na podzim t\u0159eba samotn\u00fd jen se silonkami anebo s jeans, ob\u011b varianty budou vypadat stylov\u011b.Zima \u2013 sem bych za\u0159adila asi m\u016fj nejobl\u00edben\u011bj\u0161\u00ed kousek \u2013 hrub\u00fd svetr s l\u00edmcem a \u0161irok\u00fdmi ruk\u00e1vy \u2013 model 70012 \u2013 \u0161ed\u00fd.                                                                                                                                                                                                                                                                                                                                                                                          4.7\/5 - (9 votes)        "},{"@context":"https:\/\/schema.org\/","@type":"BreadcrumbList","itemListElement":[{"@type":"ListItem","position":1,"name":"Co nosit v r\u016fzn\u00fdch ro\u010dn\u00edch obdob\u00edch","item":"https:\/\/www.esenzace.cz\/co-nosit-v-ruznych-rocnich-obdobich\/#breadcrumbitem"}]}]